{"id":1236,"date":"2024-11-13T22:47:43","date_gmt":"2024-11-14T01:47:43","guid":{"rendered":"https:\/\/es.quemliga.pt\/?p=1236"},"modified":"2024-11-16T19:36:29","modified_gmt":"2024-11-16T22:36:29","slug":"recuperar-fotos-apagadas-do-google-fotos-e-os-melhores-aplicativos","status":"publish","type":"post","link":"https:\/\/es.quemliga.pt\/sv\/recuperar-fotos-apagadas-do-google-fotos-e-os-melhores-aplicativos\/","title":{"rendered":"Gratis appar f\u00f6r att \u00e5terst\u00e4lla raderade bilder"},"content":{"rendered":"<p>L\u00e4r dig vad du beh\u00f6ver g\u00f6ra f\u00f6r att \u00e5terst\u00e4lla raderade foton fr\u00e5n Google Foto.<\/p>\n<p>Om du raderade ett foto av misstag, oroa dig inte. Detta \u00e4r ett vanligt problem, men lyckligtvis finns det effektiva s\u00e4tt att \u00e5terst\u00e4lla dina foton p\u00e5 <strong>Google Foton.<\/strong><\/p>\n<p>Det \u00e4r viktigt att komma ih\u00e5g att fil\u00e5terst\u00e4llning beror p\u00e5 en viktig konfiguration: s\u00e4kerhetskopiering och synkronisering m\u00e5ste vara aktiverade.<\/p>\n<p>Med dessa inst\u00e4llningar aktiverade f\u00f6rvaras alla raderade foton i papperskorgen i 60 dagar innan de tas bort permanent. Men hur \u00e5terh\u00e4mtar man sig? Den h\u00e4r artikeln guidar dig steg f\u00f6r steg.<\/p>\n<h2>F\u00f6rst\u00e5 Google Foton<\/h2>\n<p>Google Photos \u00e4r ett kraftfullt verktyg fr\u00e5n Google som l\u00e5ter dig lagra dina foton och videor i molnet, vilket sparar utrymme i enhetens minne.<\/p>\n<p>F\u00f6rutom lagring erbjuder Google Foto alternativ f\u00f6r att dela, redigera och visa dina foton och videor. Med hj\u00e4lp av artificiell intelligens g\u00f6r Google Foton det enklare att organisera dina media och blir en v\u00e4rdefull resurs f\u00f6r miljontals anv\u00e4ndare runt om i v\u00e4rlden.<\/p>\n<h2>Hur man \u00e5terst\u00e4ller raderade foton fr\u00e5n Google Photos<\/h2>\n<p>Att \u00e5terst\u00e4lla foton fr\u00e5n Google Photos \u00e4r en enkel process och kan g\u00f6ras p\u00e5 antingen din telefon eller dator.<\/p>\n<h3>P\u00e5 mobilen:<\/h3>\n<ul>\n<li>Se till att Google Foto-appen \u00e4r installerad p\u00e5 din enhet <strong>Android<\/strong> eller <strong>iOS<\/strong>.<\/li>\n<li>\u00d6ppna Google Foton och g\u00e5 till &quot;<strong>Bibliotek<\/strong>\u201d.<\/li>\n<li>Hitta och \u00f6ppna mappen &quot;<strong>Bin<\/strong>\u201d.<\/li>\n<li>Tryck och h\u00e5ll ned fotot eller videon du vill \u00e5terst\u00e4lla.<\/li>\n<li>F\u00f6r att \u00e5terst\u00e4lla flera foton, v\u00e4lj alla \u00f6nskade.<\/li>\n<li>Klicka slutligen p\u00e5 &quot;<strong>\u00c5terst\u00e4lla<\/strong>Filerna kommer att returneras till den ursprungliga mappen.<\/li>\n<\/ul>\n<p><img loading=\"lazy\" decoding=\"async\" class=\"aligncenter wp-image-1237 size-full\" src=\"https:\/\/es.quemliga.pt\/wp-content\/uploads\/2024\/11\/como-recuperar-fotos-apagadas-no-google-fotos-pelo-celular-passo-3-1060x795-1.webp\" alt=\"\" width=\"1060\" height=\"795\" srcset=\"https:\/\/es.quemliga.pt\/wp-content\/uploads\/2024\/11\/como-recuperar-fotos-apagadas-no-google-fotos-pelo-celular-passo-3-1060x795-1.webp 1060w, https:\/\/es.quemliga.pt\/wp-content\/uploads\/2024\/11\/como-recuperar-fotos-apagadas-no-google-fotos-pelo-celular-passo-3-1060x795-1-300x225.webp 300w, https:\/\/es.quemliga.pt\/wp-content\/uploads\/2024\/11\/como-recuperar-fotos-apagadas-no-google-fotos-pelo-celular-passo-3-1060x795-1-1024x768.webp 1024w, https:\/\/es.quemliga.pt\/wp-content\/uploads\/2024\/11\/como-recuperar-fotos-apagadas-no-google-fotos-pelo-celular-passo-3-1060x795-1-768x576.webp 768w, https:\/\/es.quemliga.pt\/wp-content\/uploads\/2024\/11\/como-recuperar-fotos-apagadas-no-google-fotos-pelo-celular-passo-3-1060x795-1-16x12.webp 16w\" sizes=\"auto, (max-width: 1060px) 100vw, 1060px\" \/><\/p>\n<h3>P\u00e5 PC:<\/h3>\n<ul>\n<li>F\u00e5 tillg\u00e5ng till <a href=\"https:\/\/photos.google.com\/\" target=\"_blank\" rel=\"noopener\">Google Foton<\/a> och logga in p\u00e5 ditt konto.<\/li>\n<li>Klicka p\u00e5 menyikonen (tre rader) i det \u00f6vre v\u00e4nstra h\u00f6rnet av sk\u00e4rmen.<\/li>\n<li>V\u00e4lj alternativet &quot;Papperskorgen&quot; fr\u00e5n menyn.<\/li>\n<li>H\u00e5ll muspekaren \u00f6ver fotot eller videon du vill \u00e5terst\u00e4lla och markera kryssrutan f\u00f6r att markera den.<\/li>\n<li>Precis som p\u00e5 mobilen kan du v\u00e4lja flera filer.<\/li>\n<li>Klicka p\u00e5 &quot;\u00c5terst\u00e4ll&quot; f\u00f6r att \u00e5terst\u00e4lla de valda filerna.<\/li>\n<\/ul>\n<h3>Vad ska man g\u00f6ra om bilden inte ligger i papperskorgen?<\/h3>\n<p>Om fotot inte ligger i papperskorgen kan det betyda att s\u00e4kerhetskopiering och synkronisering har st\u00e4ngts av eller att 60-dagarsperioden har l\u00f6pt ut. Google erbjuder dock n\u00e5gra ytterligare tips:<\/p>\n<ul>\n<li><strong>Ursprunglig mapp:<\/strong> \u00c5terst\u00e4llda foton \u00e5terg\u00e5r till den ursprungliga mappen. Om du inte kan hitta fotot, kolla andra mappar.<\/li>\n<li><strong>Appmappar:<\/strong> Foton kan finnas i applikationsmappar som Facebook, WhatsApp eller Instagram. Kontrollera dessa mappar p\u00e5 fliken &quot;Bibliotek&quot;.<\/li>\n<li><strong>Filmapp:<\/strong> Fotot kan ha arkiverats. Kontrollera mappen &quot;File&quot; i biblioteket.<\/li>\n<li><strong>Felaktigt datum:<\/strong> Om fotot har ett felaktigt datum kan det vara p\u00e5 en annan plats. Anv\u00e4nd nyckelordss\u00f6kning f\u00f6r att hitta den.<\/li>\n<\/ul>\n<h2>Anv\u00e4ndbara appar f\u00f6r att \u00e5terst\u00e4lla raderade foton fr\u00e5n Google Foton<\/h2>\n<p>Om bilden har raderats permanent kan du fortfarande f\u00f6rs\u00f6ka \u00e5terst\u00e4lla den med hj\u00e4lp av tredjepartsprogram. H\u00e4r \u00e4r n\u00e5gra alternativ:<\/p>\n<ul>\n<li><strong>DiskDigger:<\/strong> Denna applikation \u00e4r effektiv f\u00f6r att \u00e5terst\u00e4lla foton. Den utf\u00f6r en fullst\u00e4ndig genoms\u00f6kning av enheten f\u00f6r att lokalisera f\u00f6rlorade bilder. DiskDigger fungerar \u00e4ven utan root, vilket g\u00f6r den enkel att anv\u00e4nda.<\/li>\n<li><strong>\u00c5terst\u00e4llning av raderade bilder:<\/strong> F\u00f6rutom bilder \u00e5terst\u00e4ller denna applikation raderat ljud, videor och andra filer. \u00c4ven med ett engelskt gr\u00e4nssnitt \u00e4r det ganska intuitivt.<\/li>\n<li><strong>\u00c5terst\u00e4ll raderade foton:<\/strong> Denna applikation l\u00e5ter dig \u00e5terst\u00e4lla filer fr\u00e5n b\u00e5de internt och externt minne. Med ett enkelt gr\u00e4nssnitt och miljontals anv\u00e4ndare \u00e4r det ett p\u00e5litligt verktyg f\u00f6r data\u00e5terst\u00e4llning.<\/li>\n<\/ul>\n<p>Med dessa tips och verktyg hoppas vi att du kan \u00e5terst\u00e4lla dina raderade foton fr\u00e5n Google Foto. Kom ih\u00e5g att ha s\u00e4kerhetskopiering och synkronisering p\u00e5slagen f\u00f6r att skydda dina foton och videor.<\/p>\n<p>Det \u00e4r viktigt att notera att i vissa fall kan tredjepartsprogram kanske inte \u00e5terst\u00e4lla alla foton. \u00c5terst\u00e4llningseffektiviteten kan variera beroende p\u00e5 tiden sedan raderingen och enhetens tillst\u00e5nd.<\/p>","protected":false},"excerpt":{"rendered":"<p>Saiba o que \u00e9 necess\u00e1rio para recuperar fotos apagadas no Google Fotos. Se voc\u00ea apagou uma foto por engano, n\u00e3o se preocupe. Esse \u00e9 um&#8230;<\/p>","protected":false},"author":1,"featured_media":1238,"comment_status":"closed","ping_status":"open","sticky":false,"template":"","format":"standard","meta":{"footnotes":""},"categories":[20],"tags":[],"class_list":["post-1236","post","type-post","status-publish","format-standard","has-post-thumbnail","hentry","category-informacoes"],"_links":{"self":[{"href":"https:\/\/es.quemliga.pt\/sv\/wp-json\/wp\/v2\/posts\/1236","targetHints":{"allow":["GET"]}}],"collection":[{"href":"https:\/\/es.quemliga.pt\/sv\/wp-json\/wp\/v2\/posts"}],"about":[{"href":"https:\/\/es.quemliga.pt\/sv\/wp-json\/wp\/v2\/types\/post"}],"author":[{"embeddable":true,"href":"https:\/\/es.quemliga.pt\/sv\/wp-json\/wp\/v2\/users\/1"}],"replies":[{"embeddable":true,"href":"https:\/\/es.quemliga.pt\/sv\/wp-json\/wp\/v2\/comments?post=1236"}],"version-history":[{"count":2,"href":"https:\/\/es.quemliga.pt\/sv\/wp-json\/wp\/v2\/posts\/1236\/revisions"}],"predecessor-version":[{"id":1267,"href":"https:\/\/es.quemliga.pt\/sv\/wp-json\/wp\/v2\/posts\/1236\/revisions\/1267"}],"wp:featuredmedia":[{"embeddable":true,"href":"https:\/\/es.quemliga.pt\/sv\/wp-json\/wp\/v2\/media\/1238"}],"wp:attachment":[{"href":"https:\/\/es.quemliga.pt\/sv\/wp-json\/wp\/v2\/media?parent=1236"}],"wp:term":[{"taxonomy":"category","embeddable":true,"href":"https:\/\/es.quemliga.pt\/sv\/wp-json\/wp\/v2\/categories?post=1236"},{"taxonomy":"post_tag","embeddable":true,"href":"https:\/\/es.quemliga.pt\/sv\/wp-json\/wp\/v2\/tags?post=1236"}],"curies":[{"name":"wp","href":"https:\/\/api.w.org\/{rel}","templated":true}]}}